{"@context":"https:\/\/schema.org\/","@type":"CollectionPage","@id":"https:\/\/www.coffis.fr\/relations-avec-autrui\/#CollectionPage","headline":"Relations avec autrui Category","description":"","url":"https:\/\/www.coffis.fr\/relations-avec-autrui\/","hasPart":[{"@type":"Article","@id":"https:\/\/www.coffis.fr\/le-surmenage-entraine-des-disputes\/","headline":"Le surmenage entra\u00eene des disputes","url":"https:\/\/www.coffis.fr\/le-surmenage-entraine-des-disputes\/","datePublished":"2024-07-17","dateModified":"2024-07-17","mainEntityOfPage":"https:\/\/www.coffis.fr\/le-surmenage-entraine-des-disputes\/","author":{"@type":"Person","@id":"https:\/\/www.coffis.fr\/author\/devene\/#Person","name":"devene","url":"https:\/\/www.coffis.fr\/author\/devene\/","identifier":1,"image":{"@type":"ImageObject","@id":"https:\/\/secure.gravatar.com\/avatar\/2a487990a452554e9d027cbab96c6e6e6d3b119f22a2b3fb9e2bcb7e021cd643?s=96&d=mm&r=g","url":"https:\/\/secure.gravatar.com\/avatar\/2a487990a452554e9d027cbab96c6e6e6d3b119f22a2b3fb9e2bcb7e021cd643?s=96&d=mm&r=g","height":96,"width":96}},"publisher":{"@type":"Organization","name":"coffis.fr","logo":{"@type":"ImageObject","@id":"\/logo.png","url":"\/logo.png","width":600,"height":60}},"image":{"@type":"ImageObject","@id":"https:\/\/www.coffis.fr\/wp-content\/uploads\/couple-6471113_640(1)_6.jpg","url":"https:\/\/www.coffis.fr\/wp-content\/uploads\/couple-6471113_640(1)_6.jpg","height":0,"width":0},"keywords":null},{"@type":"Article","@id":"https:\/\/www.coffis.fr\/a-propos-des-rencontres\/","headline":"\u00c0 propos des rencontres","url":"https:\/\/www.coffis.fr\/a-propos-des-rencontres\/","datePublished":"2024-07-05","dateModified":"2024-07-05","mainEntityOfPage":"https:\/\/www.coffis.fr\/a-propos-des-rencontres\/","author":{"@type":"Person","@id":"https:\/\/www.coffis.fr\/author\/devene\/#Person","name":"devene","url":"https:\/\/www.coffis.fr\/author\/devene\/","identifier":1,"image":{"@type":"ImageObject","@id":"https:\/\/secure.gravatar.com\/avatar\/2a487990a452554e9d027cbab96c6e6e6d3b119f22a2b3fb9e2bcb7e021cd643?s=96&d=mm&r=g","url":"https:\/\/secure.gravatar.com\/avatar\/2a487990a452554e9d027cbab96c6e6e6d3b119f22a2b3fb9e2bcb7e021cd643?s=96&d=mm&r=g","height":96,"width":96}},"publisher":{"@type":"Organization","name":"coffis.fr","logo":{"@type":"ImageObject","@id":"\/logo.png","url":"\/logo.png","width":600,"height":60}},"image":{"@type":"ImageObject","@id":"https:\/\/www.coffis.fr\/wp-content\/uploads\/pexels-pixabay-258421_3.jpg","url":"https:\/\/www.coffis.fr\/wp-content\/uploads\/pexels-pixabay-258421_3.jpg","height":0,"width":0},"keywords":null},{"@type":"Article","@id":"https:\/\/www.coffis.fr\/desespoir\/","headline":"D\u00e9sespoir","url":"https:\/\/www.coffis.fr\/desespoir\/","datePublished":"2023-10-09","dateModified":"2023-10-09","mainEntityOfPage":"https:\/\/www.coffis.fr\/desespoir\/","author":{"@type":"Person","@id":"https:\/\/www.coffis.fr\/author\/devene\/#Person","name":"devene","url":"https:\/\/www.coffis.fr\/author\/devene\/","identifier":1,"image":{"@type":"ImageObject","@id":"https:\/\/secure.gravatar.com\/avatar\/2a487990a452554e9d027cbab96c6e6e6d3b119f22a2b3fb9e2bcb7e021cd643?s=96&d=mm&r=g","url":"https:\/\/secure.gravatar.com\/avatar\/2a487990a452554e9d027cbab96c6e6e6d3b119f22a2b3fb9e2bcb7e021cd643?s=96&d=mm&r=g","height":96,"width":96}},"publisher":{"@type":"Organization","name":"coffis.fr","logo":{"@type":"ImageObject","@id":"\/logo.png","url":"\/logo.png","width":600,"height":60}},"image":{"@type":"ImageObject","@id":"https:\/\/www.coffis.fr\/wp-content\/uploads\/people-2588172_640_10_10_10_10_10_4.jpg_2..jpg","url":"https:\/\/www.coffis.fr\/wp-content\/uploads\/people-2588172_640_10_10_10_10_10_4.jpg_2..jpg","height":0,"width":0},"keywords":null},{"@type":"Article","@id":"https:\/\/www.coffis.fr\/meilleures-relations\/","headline":"Meilleures relations","url":"https:\/\/www.coffis.fr\/meilleures-relations\/","datePublished":"2023-09-02","dateModified":"2023-09-02","mainEntityOfPage":"https:\/\/www.coffis.fr\/meilleures-relations\/","author":{"@type":"Person","@id":"https:\/\/www.coffis.fr\/author\/devene\/#Person","name":"devene","url":"https:\/\/www.coffis.fr\/author\/devene\/","identifier":1,"image":{"@type":"ImageObject","@id":"https:\/\/secure.gravatar.com\/avatar\/2a487990a452554e9d027cbab96c6e6e6d3b119f22a2b3fb9e2bcb7e021cd643?s=96&d=mm&r=g","url":"https:\/\/secure.gravatar.com\/avatar\/2a487990a452554e9d027cbab96c6e6e6d3b119f22a2b3fb9e2bcb7e021cd643?s=96&d=mm&r=g","height":96,"width":96}},"publisher":{"@type":"Organization","name":"coffis.fr","logo":{"@type":"ImageObject","@id":"\/logo.png","url":"\/logo.png","width":600,"height":60}},"image":{"@type":"ImageObject","@id":"https:\/\/www.coffis.fr\/wp-content\/uploads\/family-4632811_1280_1.jpg","url":"https:\/\/www.coffis.fr\/wp-content\/uploads\/family-4632811_1280_1.jpg","height":0,"width":0},"keywords":null},{"@type":"Article","@id":"https:\/\/www.coffis.fr\/face-a-moi-meme\/","headline":"Face \u00e0 moi-m\u00eame","url":"https:\/\/www.coffis.fr\/face-a-moi-meme\/","datePublished":"2023-04-30","dateModified":"2023-04-30","mainEntityOfPage":"https:\/\/www.coffis.fr\/face-a-moi-meme\/","author":{"@type":"Person","@id":"https:\/\/www.coffis.fr\/author\/devene\/#Person","name":"devene","url":"https:\/\/www.coffis.fr\/author\/devene\/","identifier":1,"image":{"@type":"ImageObject","@id":"https:\/\/secure.gravatar.com\/avatar\/2a487990a452554e9d027cbab96c6e6e6d3b119f22a2b3fb9e2bcb7e021cd643?s=96&d=mm&r=g","url":"https:\/\/secure.gravatar.com\/avatar\/2a487990a452554e9d027cbab96c6e6e6d3b119f22a2b3fb9e2bcb7e021cd643?s=96&d=mm&r=g","height":96,"width":96}},"publisher":{"@type":"Organization","name":"coffis.fr","logo":{"@type":"ImageObject","@id":"\/logo.png","url":"\/logo.png","width":600,"height":60}},"image":{"@type":"ImageObject","@id":"https:\/\/www.coffis.fr\/wp-content\/uploads\/woman-3116587_1280_3.jpg","url":"https:\/\/www.coffis.fr\/wp-content\/uploads\/woman-3116587_1280_3.jpg","height":0,"width":0},"keywords":null},{"@type":"Article","@id":"https:\/\/www.coffis.fr\/jedna-schuzka-pro-a-commence-a-travailler-dans-le-nouveau-ne-staci-jim-jen-jedno-rande\/","headline":"Jedna sch\u016fzka\u3001Pro-A commenc\u00e9 \u00e0 travailler dans le nouveau-n\u00e9\u3001sta\u010d\u00ed jim jen jedno rande.","url":"https:\/\/www.coffis.fr\/jedna-schuzka-pro-a-commence-a-travailler-dans-le-nouveau-ne-staci-jim-jen-jedno-rande\/","datePublished":"2023-01-03","dateModified":"2023-01-03","mainEntityOfPage":"https:\/\/www.coffis.fr\/jedna-schuzka-pro-a-commence-a-travailler-dans-le-nouveau-ne-staci-jim-jen-jedno-rande\/","author":{"@type":"Person","@id":"https:\/\/www.coffis.fr\/author\/devene\/#Person","name":"devene","url":"https:\/\/www.coffis.fr\/author\/devene\/","identifier":1,"image":{"@type":"ImageObject","@id":"https:\/\/secure.gravatar.com\/avatar\/2a487990a452554e9d027cbab96c6e6e6d3b119f22a2b3fb9e2bcb7e021cd643?s=96&d=mm&r=g","url":"https:\/\/secure.gravatar.com\/avatar\/2a487990a452554e9d027cbab96c6e6e6d3b119f22a2b3fb9e2bcb7e021cd643?s=96&d=mm&r=g","height":96,"width":96}},"publisher":{"@type":"Organization","name":"coffis.fr","logo":{"@type":"ImageObject","@id":"\/logo.png","url":"\/logo.png","width":600,"height":60}},"image":{"@type":"ImageObject","@id":"https:\/\/www.coffis.fr\/wp-content\/uploads\/couple-6705691_640_2.jpg","url":"https:\/\/www.coffis.fr\/wp-content\/uploads\/couple-6705691_640_2.jpg","height":0,"width":0},"keywords":null},{"@type":"Article","@id":"https:\/\/www.coffis.fr\/bagarres-et-heritage\/","headline":"Bagarres et h\u00e9ritage","url":"https:\/\/www.coffis.fr\/bagarres-et-heritage\/","datePublished":"2022-08-15","dateModified":"2022-08-15","mainEntityOfPage":"https:\/\/www.coffis.fr\/bagarres-et-heritage\/","author":{"@type":"Person","@id":"https:\/\/www.coffis.fr\/author\/devene\/#Person","name":"devene","url":"https:\/\/www.coffis.fr\/author\/devene\/","identifier":1,"image":{"@type":"ImageObject","@id":"https:\/\/secure.gravatar.com\/avatar\/2a487990a452554e9d027cbab96c6e6e6d3b119f22a2b3fb9e2bcb7e021cd643?s=96&d=mm&r=g","url":"https:\/\/secure.gravatar.com\/avatar\/2a487990a452554e9d027cbab96c6e6e6d3b119f22a2b3fb9e2bcb7e021cd643?s=96&d=mm&r=g","height":96,"width":96}},"publisher":{"@type":"Organization","name":"coffis.fr","logo":{"@type":"ImageObject","@id":"\/logo.png","url":"\/logo.png","width":600,"height":60}},"image":{"@type":"ImageObject","@id":"https:\/\/www.coffis.fr\/wp-content\/uploads\/people-2557396_1280_4.jpg","url":"https:\/\/www.coffis.fr\/wp-content\/uploads\/people-2557396_1280_4.jpg","height":0,"width":0},"keywords":null},{"@type":"Article","@id":"https:\/\/www.coffis.fr\/les-disputes-entre-parents\/","headline":"Les disputes entre parents","url":"https:\/\/www.coffis.fr\/les-disputes-entre-parents\/","datePublished":"2022-02-21","dateModified":"2022-02-21","mainEntityOfPage":"https:\/\/www.coffis.fr\/les-disputes-entre-parents\/","author":{"@type":"Person","@id":"https:\/\/www.coffis.fr\/author\/devene\/#Person","name":"devene","url":"https:\/\/www.coffis.fr\/author\/devene\/","identifier":1,"image":{"@type":"ImageObject","@id":"https:\/\/secure.gravatar.com\/avatar\/2a487990a452554e9d027cbab96c6e6e6d3b119f22a2b3fb9e2bcb7e021cd643?s=96&d=mm&r=g","url":"https:\/\/secure.gravatar.com\/avatar\/2a487990a452554e9d027cbab96c6e6e6d3b119f22a2b3fb9e2bcb7e021cd643?s=96&d=mm&r=g","height":96,"width":96}},"publisher":{"@type":"Organization","name":"coffis.fr","logo":{"@type":"ImageObject","@id":"\/logo.png","url":"\/logo.png","width":600,"height":60}},"image":{"@type":"ImageObject","@id":"https:\/\/www.coffis.fr\/wp-content\/uploads\/argument-238529_1280_3.jpg","url":"https:\/\/www.coffis.fr\/wp-content\/uploads\/argument-238529_1280_3.jpg","height":0,"width":0},"keywords":null}]}