[{"@context":"https:\/\/schema.org\/","@type":"Article","@id":"https:\/\/www.coffis.fr\/les-telephones-portables-et-l-emploi\/#Article","mainEntityOfPage":"https:\/\/www.coffis.fr\/les-telephones-portables-et-l-emploi\/","headline":"Les t\u00e9l\u00e9phones portables et l&#8217;emploi","name":"Les t\u00e9l\u00e9phones portables et l&#8217;emploi","description":"Je pense que plus personne n\\&#8217;a de t\u00e9l\u00e9phone portable. M\u00eame si je n\\&#8217;avais pas de t\u00e9l\u00e9phone portable, je trouverais cela tr\u00e8s ennuyeux pour moi, parce que je travaille avec un t\u00e9l\u00e9phone portable. Je travaille dans une banque et je passe souvent des appels \u00e0 partir de mon t\u00e9l\u00e9phone portable ou j\\&#8217;ai un \u00e9couteur et un&hellip;","datePublished":"2022-09-15","dateModified":"2022-09-15","author":{"@type":"Person","@id":"https:\/\/www.coffis.fr\/author\/devene\/#Person","name":"devene","url":"https:\/\/www.coffis.fr\/author\/devene\/","identifier":1,"image":{"@type":"ImageObject","@id":"https:\/\/secure.gravatar.com\/avatar\/2a487990a452554e9d027cbab96c6e6e6d3b119f22a2b3fb9e2bcb7e021cd643?s=96&d=mm&r=g","url":"https:\/\/secure.gravatar.com\/avatar\/2a487990a452554e9d027cbab96c6e6e6d3b119f22a2b3fb9e2bcb7e021cd643?s=96&d=mm&r=g","height":96,"width":96}},"publisher":{"@type":"Organization","name":"coffis.fr","logo":{"@type":"ImageObject","@id":"\/logo.png","url":"\/logo.png","width":600,"height":60}},"image":{"@type":"ImageObject","@id":"https:\/\/www.coffis.fr\/wp-content\/uploads\/laptop-5078698_1280_2.jpg","url":"https:\/\/www.coffis.fr\/wp-content\/uploads\/laptop-5078698_1280_2.jpg","height":0,"width":0},"url":"https:\/\/www.coffis.fr\/les-telephones-portables-et-l-emploi\/","about":["Mobile"],"wordCount":366,"articleBody":"Je pense que plus personne n\\&#8217;a de t\u00e9l\u00e9phone portable. M\u00eame si je n\\&#8217;avais pas de t\u00e9l\u00e9phone portable, je trouverais cela tr\u00e8s ennuyeux pour moi, parce que je travaille avec un t\u00e9l\u00e9phone portable. Je travaille dans une banque et je passe souvent des appels \u00e0 partir de mon t\u00e9l\u00e9phone portable ou j\\&#8217;ai un \u00e9couteur et un microphone que j\\&#8217;utilise pour passer des appels. Si je n\\&#8217;avais pas eu cela, je ne sais pas comment j\\&#8217;aurais fait mon travail. Je sais que beaucoup de gens travaillent sur des t\u00e9l\u00e9phones portables ou dans des centres d\\&#8217;appel en utilisant des ordinateurs. J\\&#8217;ai travaill\u00e9 dans un centre d\\&#8217;appel pendant quelques ann\u00e9es et je peux dire que c\\&#8217;\u00e9tait vraiment parfait.  J\\&#8217;ai vraiment aim\u00e9 \u00e7a, mais je suis partie quand j\\&#8217;ai eu un b\u00e9b\u00e9. Apr\u00e8s cela, j\\&#8217;ai dit que je reviendrais, mais je ne voulais pas y retourner \u00e0 la fin de mon cong\u00e9 parental, alors j\\&#8217;ai trouv\u00e9 un autre emploi. [Je travaille maintenant dans le secteur bancaire, depuis quelques ann\u00e9es, et je peux honn\u00eatement dire que j\\&#8217;aime ce travail. Je suis au t\u00e9l\u00e9phone, avec un casque, un microphone &#8230;&#8230;. Mais je vais aussi \u00e0 la salle de sport et je nage pour que les gens ne pensent pas que je reste assis sans rien faire.[31] [32] [33] [34] [35] [36] [37] [38] C\\&#8217;est vraiment amusant. Je viens d\\&#8217;acheter un \u00e9tui imperm\u00e9able pour mon t\u00e9l\u00e9phone portable, comme \u00e7a je l\\&#8217;ai toujours sur moi. J\\&#8217;ai aussi achet\u00e9 un \u00e9tui pour mon t\u00e9l\u00e9phone portable parce que j\\&#8217;ai des enfants. Je pense que beaucoup de gens utilisent vraiment leur t\u00e9l\u00e9phone portable tous les jours et qu\\&#8217;ils s\\&#8217;en servent autant qu\\&#8217;ils travaillent. Il y a aussi des gens qui ont encore une ligne fixe \u00e0 la maison, mais ils ne peuvent peut-\u00eatre pas l\\&#8217;utiliser parce que le c\u00e2ble de la ligne fixe ne fonctionne plus, ou pensez-vous qu\\&#8217;il y a une autre raison ? Ma grand-m\u00e8re n\\&#8217;a plus de ligne fixe non plus.                                                                                                                                                                                                                                                                                                                                                                                        3.6\/5 - (14 votes)        "},{"@context":"https:\/\/schema.org\/","@type":"BreadcrumbList","itemListElement":[{"@type":"ListItem","position":1,"name":"Les t\u00e9l\u00e9phones portables et l&#8217;emploi","item":"https:\/\/www.coffis.fr\/les-telephones-portables-et-l-emploi\/#breadcrumbitem"}]}]