[{"@context":"https:\/\/schema.org\/","@type":"Article","@id":"https:\/\/www.coffis.fr\/face-a-moi-meme\/#Article","mainEntityOfPage":"https:\/\/www.coffis.fr\/face-a-moi-meme\/","headline":"Face \u00e0 moi-m\u00eame","name":"Face \u00e0 moi-m\u00eame","description":"Il m\\&#8217;arrive de me sentir ou de penser que je suis tr\u00e8s na\u00eff. Tout le monde a quelque chose de sp\u00e9cial en soi, une id\u00e9e sp\u00e9ciale, mais je suis comme \u00e7a, principalement cette na\u00efvet\u00e9. Reconna\u00eetre cette na\u00efvet\u00e9 est tr\u00e8s difficile de nos jours. Peut-\u00eatre pensons-nous quelque chose de compl\u00e8tement diff\u00e9rent, et nous sommes na\u00effs parce&hellip;","datePublished":"2023-04-30","dateModified":"2023-04-30","author":{"@type":"Person","@id":"https:\/\/www.coffis.fr\/author\/devene\/#Person","name":"devene","url":"https:\/\/www.coffis.fr\/author\/devene\/","identifier":1,"image":{"@type":"ImageObject","@id":"https:\/\/secure.gravatar.com\/avatar\/2a487990a452554e9d027cbab96c6e6e6d3b119f22a2b3fb9e2bcb7e021cd643?s=96&d=mm&r=g","url":"https:\/\/secure.gravatar.com\/avatar\/2a487990a452554e9d027cbab96c6e6e6d3b119f22a2b3fb9e2bcb7e021cd643?s=96&d=mm&r=g","height":96,"width":96}},"publisher":{"@type":"Organization","name":"coffis.fr","logo":{"@type":"ImageObject","@id":"\/logo.png","url":"\/logo.png","width":600,"height":60}},"image":{"@type":"ImageObject","@id":"https:\/\/www.coffis.fr\/wp-content\/uploads\/woman-3116587_1280_3.jpg","url":"https:\/\/www.coffis.fr\/wp-content\/uploads\/woman-3116587_1280_3.jpg","height":0,"width":0},"url":"https:\/\/www.coffis.fr\/face-a-moi-meme\/","about":["Relations avec autrui"],"wordCount":349,"articleBody":"Il m\\&#8217;arrive de me sentir ou de penser que je suis tr\u00e8s na\u00eff. Tout le monde a quelque chose de sp\u00e9cial en soi, une id\u00e9e sp\u00e9ciale, mais je suis comme \u00e7a, principalement cette na\u00efvet\u00e9. Reconna\u00eetre cette na\u00efvet\u00e9 est tr\u00e8s difficile de nos jours. Peut-\u00eatre pensons-nous quelque chose de compl\u00e8tement diff\u00e9rent, et nous sommes na\u00effs parce que tout est compl\u00e8tement diff\u00e9rent. Nous devons toujours nous rendre compte dans la vie si nous sommes importants dans la vie ou ce que nous devons changer dans la vie. J\\&#8217;ai toujours du mal \u00e0 trouver les personnes avec lesquelles je pense soudain pouvoir m\\&#8217;entendre, avec lesquelles je peux m\\&#8217;entendre. [Ces relations interpersonnelles peuvent \u00eatre tr\u00e8s difficiles et difficiles \u00e0 comprendre. En effet, j\\&#8217;\u00e9tais convaincue qu\\&#8217;une amie avec laquelle j\\&#8217;\u00e9tais amie depuis de nombreuses ann\u00e9es n\\&#8217;\u00e9tait soudainement plus mon amie. Elle a commenc\u00e9 \u00e0 flirter avec un petit ami que je fr\u00e9quentais et, de ce fait, elle a commenc\u00e9 \u00e0 sortir plus souvent avec nous. Ce n\\&#8217;\u00e9tait pas pour qu\\&#8217;elle me voie, mais pour qu\\&#8217;elle le voie. Ce type de fausse relation n\\&#8217;est ni bon ni naturel et ne devrait jamais se produire.  Il s\\&#8217;agit en fait d\\&#8217;une \u00e9norme indulgence que nous pensons \u00eatre normale, mais qui ne l\\&#8217;est pas. C\\&#8217;est vraiment offensant et, plus important encore, embarrassant de faire quelque chose d\\&#8217;aussi mauvais que ce que font mes proches. J\\&#8217;ai \u00e9t\u00e9 tr\u00e8s longtemps en col\u00e8re contre mon ami qui avait essay\u00e9 de s\\&#8217;approprier mon petit ami. J\\&#8217;ai rompu avec cette amie parce que je l\\&#8217;ai vue flirter avec elle devant moi et que je ne voulais plus supporter cela. J\\&#8217;ai d\u00e9finitivement arr\u00eat\u00e9 de parler \u00e0 ces amis et je vais beaucoup mieux. Vous devenez plus reconnaissant, surtout envers vous-m\u00eame. La chose la plus importante dans la vie est de regarder les autres, mais la chose la plus importante est soi-m\u00eame.                                                                                                                                                                                                                                                                                                                                                                                        4.4\/5 - (17 votes)        "},{"@context":"https:\/\/schema.org\/","@type":"BreadcrumbList","itemListElement":[{"@type":"ListItem","position":1,"name":"Face \u00e0 moi-m\u00eame","item":"https:\/\/www.coffis.fr\/face-a-moi-meme\/#breadcrumbitem"}]}]