{"@context":"https:\/\/schema.org\/","@type":"CollectionPage","@id":"https:\/\/www.coffis.fr\/biens\/#CollectionPage","headline":"Biens Category","description":"","url":"https:\/\/www.coffis.fr\/biens\/","hasPart":[{"@type":"Article","@id":"https:\/\/www.coffis.fr\/comment-les-sons-apaisants-peuvent-ils-ameliorer-le-sommeil-de-votre-bebe\/","headline":"Comment les sons apaisants peuvent-ils am\u00e9liorer le sommeil de votre b\u00e9b\u00e9?","url":"https:\/\/www.coffis.fr\/comment-les-sons-apaisants-peuvent-ils-ameliorer-le-sommeil-de-votre-bebe\/","datePublished":"2026-01-13","dateModified":"2026-02-03","mainEntityOfPage":"https:\/\/www.coffis.fr\/comment-les-sons-apaisants-peuvent-ils-ameliorer-le-sommeil-de-votre-bebe\/","author":{"@type":"Person","@id":"https:\/\/www.coffis.fr\/author\/devene\/#Person","name":"devene","url":"https:\/\/www.coffis.fr\/author\/devene\/","identifier":1,"image":{"@type":"ImageObject","@id":"https:\/\/secure.gravatar.com\/avatar\/2a487990a452554e9d027cbab96c6e6e6d3b119f22a2b3fb9e2bcb7e021cd643?s=96&d=mm&r=g","url":"https:\/\/secure.gravatar.com\/avatar\/2a487990a452554e9d027cbab96c6e6e6d3b119f22a2b3fb9e2bcb7e021cd643?s=96&d=mm&r=g","height":96,"width":96}},"publisher":{"@type":"Organization","name":"coffis.fr","logo":{"@type":"ImageObject","@id":"\/logo.png","url":"\/logo.png","width":600,"height":60}},"image":{"@type":"ImageObject","@id":"https:\/\/www.coffis.fr\/wp-content\/uploads\/batole_ENTDrz.jpg","url":"https:\/\/www.coffis.fr\/wp-content\/uploads\/batole_ENTDrz.jpg","height":0,"width":0},"keywords":null},{"@type":"Article","@id":"https:\/\/www.coffis.fr\/comment-les-bruits-apaisants-peuvent-transformer-l-heure-du-coucher-des-bebes\/","headline":"Comment les bruits apaisants peuvent transformer lheure du coucher des b\u00e9b\u00e9s","url":"https:\/\/www.coffis.fr\/comment-les-bruits-apaisants-peuvent-transformer-l-heure-du-coucher-des-bebes\/","datePublished":"2025-09-25","dateModified":"2025-09-25","mainEntityOfPage":"https:\/\/www.coffis.fr\/comment-les-bruits-apaisants-peuvent-transformer-l-heure-du-coucher-des-bebes\/","author":{"@type":"Person","@id":"https:\/\/www.coffis.fr\/author\/devene\/#Person","name":"devene","url":"https:\/\/www.coffis.fr\/author\/devene\/","identifier":1,"image":{"@type":"ImageObject","@id":"https:\/\/secure.gravatar.com\/avatar\/2a487990a452554e9d027cbab96c6e6e6d3b119f22a2b3fb9e2bcb7e021cd643?s=96&d=mm&r=g","url":"https:\/\/secure.gravatar.com\/avatar\/2a487990a452554e9d027cbab96c6e6e6d3b119f22a2b3fb9e2bcb7e021cd643?s=96&d=mm&r=g","height":96,"width":96}},"publisher":{"@type":"Organization","name":"coffis.fr","logo":{"@type":"ImageObject","@id":"\/logo.png","url":"\/logo.png","width":600,"height":60}},"image":{"@type":"ImageObject","@id":"https:\/\/www.coffis.fr\/wp-content\/uploads\/6b2b95361_RtcDym.jpg","url":"https:\/\/www.coffis.fr\/wp-content\/uploads\/6b2b95361_RtcDym.jpg","height":0,"width":0},"keywords":null}]}